{"id":3692,"date":"2025-09-03T06:02:29","date_gmt":"2025-09-03T06:02:29","guid":{"rendered":"https:\/\/www.basscommunity.it\/bc\/?p=3692"},"modified":"2025-09-03T06:05:20","modified_gmt":"2025-09-03T06:05:20","slug":"multipotenzialita-mito-disciplina-e-il-mondo-dal-basso","status":"publish","type":"post","link":"https:\/\/www.basscommunity.it\/bc\/2025\/09\/03\/multipotenzialita-mito-disciplina-e-il-mondo-dal-basso\/","title":{"rendered":"Multipotenzialit\u00e0: mito, disciplina e il Mondo dal Basso"},"content":{"rendered":"\n<p class=\"wp-block-paragraph\">Negli ultimi anni la parola <em>multipotenziale<\/em> \u00e8 entrata sempre pi\u00f9 spesso nelle nostre conversazioni. In inglese si parla di <em>multipotentialite<\/em>, un termine reso popolare dal TED Talk di Emily Wapnick nel 2015, che ha fatto milioni di visualizzazioni. In quell\u2019intervento Wapnick raccontava la sua esperienza e portava casi concreti di persone con pi\u00f9 di una passione, capaci di farne una professione.<\/p>\n\n\n\n<p class=\"wp-block-paragraph\">Essere multipotenziale significa proprio questo: vivere con naturalezza pi\u00f9 interessi e pi\u00f9 talenti, e saperli integrare in un percorso coerente. Non si tratta di indecisione, ma di una forma diversa di visione: la capacit\u00e0 di vedere connessioni l\u00e0 dove altri vedono compartimenti separati.<\/p>\n\n\n\n<h2 class=\"wp-block-heading\">Cosa non \u00e8 la multipotenzialit\u00e0<\/h2>\n\n\n\n<p class=\"wp-block-paragraph\">Attenzione per\u00f2: la multipotenzialit\u00e0 non \u00e8 una scorciatoia per giustificare il saltare da un ambito all\u2019altro senza approfondire. Spesso chi si definisce multipotenziale rischia di nascondere dietro questa parola una certa superficialit\u00e0.<\/p>\n\n\n\n<p class=\"wp-block-paragraph\">La verit\u00e0 \u00e8 che ogni multipotenziale, a un certo punto, si confronta con un \u201cplateau\u201d: un livello di competenza sufficiente per sentirsi bravi in un ambito, ma che richiede disciplina e continuit\u00e0 per crescere davvero. Chi abbandona appena svanisce l\u2019entusiasmo iniziale non incarna la multipotenzialit\u00e0: semplicemente si annoia facilmente.<\/p>\n\n\n\n<p class=\"wp-block-paragraph\">Il multipotenziale autentico, invece, riesce a coltivare discipline diverse fino a un livello profondo, e dall\u2019intersezione tra queste crea qualcosa di nuovo.<\/p>\n\n\n\n<h2 class=\"wp-block-heading\">Dal personale all\u2019universale<\/h2>\n\n\n\n<p class=\"wp-block-paragraph\">Raccontare la multipotenzialit\u00e0 per me non \u00e8 mai stato un esercizio teorico. Nella mia vita ho attraversato mondi diversi: le arti visive, la grafica, l\u2019insegnamento, la musica.<\/p>\n\n\n\n<p class=\"wp-block-paragraph\">Dopo gli studi al liceo artistico e all\u2019Accademia di Belle Arti, ho lavorato come visual designer e docente. Poi \u00e8 arrivato il basso elettrico, che da oltre vent\u2019anni accompagna il mio percorso, non come semplice passione, ma come pratica costante e fonte di disciplina.<\/p>\n\n\n\n<p class=\"wp-block-paragraph\">La mia identit\u00e0 professionale e creativa nasce proprio dall\u2019intreccio di questi mondi: visivo, musicale, comunicativo. Se oggi parlo di multipotenzialit\u00e0 \u00e8 perch\u00e9 la vivo ogni giorno.<\/p>\n\n\n\n<h2 class=\"wp-block-heading\">I superpoteri del multipotenziale<\/h2>\n\n\n\n<p class=\"wp-block-paragraph\">Emily Wapnick ha individuato tre \u201csuperpoteri\u201d tipici delle persone multipotenziali:<\/p>\n\n\n\n<ul class=\"wp-block-list\">\n<li><strong>Sintesi<\/strong>: la capacit\u00e0 di connettere idee e creare visioni nuove a partire da discipline diverse.<\/li>\n\n\n\n<li><strong>Apprendimento rapido<\/strong>: la tendenza a tuffarsi con passione in un campo, fino a dominarlo in breve tempo.<\/li>\n\n\n\n<li><strong>Adattabilit\u00e0<\/strong>: l\u2019attitudine a cambiare prospettiva quando il contesto lo richiede, senza sentirsi smarriti.<\/li>\n<\/ul>\n\n\n\n<p class=\"wp-block-paragraph\">Sono qualit\u00e0 preziose, soprattutto oggi, in un\u2019epoca segnata dall\u2019intelligenza artificiale. Professioni un tempo stabili vengono rivoluzionate da algoritmi e piattaforme, e chi sa muoversi su pi\u00f9 terreni, collegare mondi diversi e reinventarsi, \u00e8 naturalmente avvantaggiato.<\/p>\n\n\n\n<p class=\"wp-block-paragraph\">L\u2019AI non \u00e8 un sostituto, ma un amplificatore di idee. E perch\u00e9 amplifichi, le idee bisogna averle. Qui il multipotenziale ha un vantaggio decisivo: la sua ricchezza di interessi diventa materia viva per l\u2019innovazione.<\/p>\n\n\n\n<h2 class=\"wp-block-heading\">Il Mondo dal Basso<\/h2>\n\n\n\n<p class=\"wp-block-paragraph\">Questa riflessione non \u00e8 separata dal percorso di BassCommunity. Anzi, ne \u00e8 parte integrante.<\/p>\n\n\n\n<p class=\"wp-block-paragraph\">Da progetto nato per dare voce al basso elettrico, BassCommunity \u00e8 cresciuto fino a diventare qualcosa di pi\u00f9 ampio: uno spazio dove musica, creativit\u00e0 e consapevolezza si intrecciano.<\/p>\n\n\n\n<p class=\"wp-block-paragraph\">Il rebranding in <em>Il Mondo dal Basso<\/em> non \u00e8 un semplice cambio di nome: \u00e8 una scelta di visione. Guardare le cose \u201cdal basso\u201d significa tre cose insieme:<\/p>\n\n\n\n<ul class=\"wp-block-list\">\n<li><strong>culturale<\/strong>: raccontare dal punto di vista delle persone comuni, non dei potenti;<\/li>\n\n\n\n<li><strong>infantile<\/strong>: mantenere la curiosit\u00e0 del bambino che vuole scoprire tutto;<\/li>\n\n\n\n<li><strong>musicale<\/strong>: riconoscere la forza della nota grave, che sostiene senza cercare i riflettori.<\/li>\n<\/ul>\n\n\n\n<p class=\"wp-block-paragraph\">Ecco perch\u00e9 parlare di multipotenzialit\u00e0 e parlare del Mondo dal Basso \u00e8, in fondo, lo stesso gesto: raccontare la ricchezza che nasce dalle intersezioni, dai punti di vista meno scontati, dalle connessioni che di solito restano invisibili.<\/p>\n\n\n\n<h2 class=\"wp-block-heading\">Conclusione<\/h2>\n\n\n\n<p class=\"wp-block-paragraph\">La multipotenzialit\u00e0 non \u00e8 un\u2019etichetta, non \u00e8 un capriccio, e non \u00e8 una malattia \u2014 come a volte viene banalmente dipinta. \u00c8 una possibilit\u00e0 reale: vivere pi\u00f9 vite in una, coltivando discipline diverse e trovando nell\u2019incrocio tra esse un percorso unico.<\/p>\n\n\n\n<p class=\"wp-block-paragraph\">\u00c8 questo che voglio condividere con te: non un manuale di istruzioni, ma una prospettiva.<br>E, come scrive Emily Wapnick, \u201cabbraccia i tuoi fili interiori per una vita davvero autentica\u201d.<\/p>\n\n\n\n<figure class=\"wp-block-embed is-type-video is-provider-youtube wp-block-embed-youtube wp-embed-aspect-16-9 wp-has-aspect-ratio\"><div class=\"wp-block-embed__wrapper\">\n<iframe loading=\"lazy\" title=\"Multipotenzialit\u00e0 Spiegata: Mito, Disciplina e il Mondo dal Basso\" width=\"640\" height=\"360\" src=\"https:\/\/www.youtube.com\/embed\/FOpql1Jv6vA?feature=oembed\" frameborder=\"0\" allow=\"accelerometer; autoplay; clipboard-write; encrypted-media; gyroscope; picture-in-picture; web-share\" referrerpolicy=\"strict-origin-when-cross-origin\" allowfullscreen><\/iframe>\n<\/div><\/figure>\n","protected":false},"excerpt":{"rendered":"<p>Negli ultimi anni la parola multipotenziale \u00e8 entrata sempre pi\u00f9 spesso nelle nostre conversazioni. In inglese si parla di multipotentialite, un termine reso popolare dal TED Talk di Emily Wapnick nel 2015, che ha fatto milioni di visualizzazioni. In quell\u2019intervento Wapnick raccontava la sua esperienza e portava casi concreti di persone con pi\u00f9 di una [&hellip;]<\/p>\n","protected":false},"author":1,"featured_media":3693,"comment_status":"closed","ping_status":"closed","sticky":false,"template":"","format":"standard","meta":{"_themeisle_gutenberg_block_has_review":false,"footnotes":""},"categories":[310],"tags":[309,308,307],"class_list":["post-3692","post","type-post","status-publish","format-standard","has-post-thumbnail","hentry","category-visioni-dal-basso","tag-il-mondo-dal-basso","tag-miltipotentialite","tag-multipotenziale"],"_links":{"self":[{"href":"https:\/\/www.basscommunity.it\/bc\/wp-json\/wp\/v2\/posts\/3692","targetHints":{"allow":["GET"]}}],"collection":[{"href":"https:\/\/www.basscommunity.it\/bc\/wp-json\/wp\/v2\/posts"}],"about":[{"href":"https:\/\/www.basscommunity.it\/bc\/wp-json\/wp\/v2\/types\/post"}],"author":[{"embeddable":true,"href":"https:\/\/www.basscommunity.it\/bc\/wp-json\/wp\/v2\/users\/1"}],"replies":[{"embeddable":true,"href":"https:\/\/www.basscommunity.it\/bc\/wp-json\/wp\/v2\/comments?post=3692"}],"version-history":[{"count":2,"href":"https:\/\/www.basscommunity.it\/bc\/wp-json\/wp\/v2\/posts\/3692\/revisions"}],"predecessor-version":[{"id":3696,"href":"https:\/\/www.basscommunity.it\/bc\/wp-json\/wp\/v2\/posts\/3692\/revisions\/3696"}],"wp:featuredmedia":[{"embeddable":true,"href":"https:\/\/www.basscommunity.it\/bc\/wp-json\/wp\/v2\/media\/3693"}],"wp:attachment":[{"href":"https:\/\/www.basscommunity.it\/bc\/wp-json\/wp\/v2\/media?parent=3692"}],"wp:term":[{"taxonomy":"category","embeddable":true,"href":"https:\/\/www.basscommunity.it\/bc\/wp-json\/wp\/v2\/categories?post=3692"},{"taxonomy":"post_tag","embeddable":true,"href":"https:\/\/www.basscommunity.it\/bc\/wp-json\/wp\/v2\/tags?post=3692"}],"curies":[{"name":"wp","href":"https:\/\/api.w.org\/{rel}","templated":true}]}}